{"id":2489,"date":"2021-12-02T08:56:15","date_gmt":"2021-12-02T07:56:15","guid":{"rendered":"https:\/\/www.itspy.cz\/o-vitezstvi-v-prestizni-soutezi-it-spy-se-pri-online-finale-utka-8-autoru-nejlepsich-diplomovych-praci-letosniho-roku\/"},"modified":"2021-12-02T08:56:15","modified_gmt":"2021-12-02T07:56:15","slug":"o-vitezstvi-v-prestizni-soutezi-it-spy-se-pri-online-finale-utka-8-autoru-nejlepsich-diplomovych-praci-letosniho-roku","status":"publish","type":"post","link":"https:\/\/www.itspy.cz\/sk\/o-vitezstvi-v-prestizni-soutezi-it-spy-se-pri-online-finale-utka-8-autoru-nejlepsich-diplomovych-praci-letosniho-roku\/","title":{"rendered":"O v\u00edt\u011bzstv\u00ed v presti\u017en\u00ed sout\u011b\u017ei IT SPY se p\u0159i online fin\u00e1le utk\u00e1 8 autor\u016f nejlep\u0161\u00edch diplomov\u00fdch prac\u00ed leto\u0161n\u00edho roku"},"content":{"rendered":"<p><strong>St\u0159eda 8. prosince bude pat\u0159it nejlep\u0161\u00edm mlad\u00fdm IT mozk\u016fm z\u00a0\u010cesk\u00e9 republiky i ze Slovenska, kte\u0159\u00ed se ve fin\u00e1le utkaj\u00ed o nejvy\u0161\u0161\u00ed p\u0159\u00ed\u010dky v presti\u017en\u00ed sout\u011b\u017ei IT SPY 2021. Pr\u00e1v\u011b tato sout\u011b\u017e o nejlep\u0161\u00ed diplomovou pr\u00e1ci z\u00a0oblasti informa\u010dn\u00edch technologi\u00ed si klade za c\u00edl upozornit na mlad\u00e9 talentovan\u00e9 informatiky a pomoci\u00a0jim odstartovat jejich kari\u00e9ru. Do aktu\u00e1ln\u00edho 12. ro\u010dn\u00edku sout\u011b\u017ee se p\u0159ihl\u00e1silo v\u00edce ne\u017e 1200 autor\u016f diplomov\u00fdch prac\u00ed obh\u00e1jen\u00fdch v\u00a0uplynul\u00e9m akademick\u00e9m roce na p\u0159edn\u00edch \u010desk\u00fdch a slovensk\u00fdch vysok\u00fdch \u0161kol\u00e1ch. Online prezentace 8 fin\u00e1lov\u00fdch diplomov\u00fdch prac\u00ed p\u0159ed odbornou porotou akademik\u016f i osobnost\u00ed z praxe prob\u011bhnou 8. prosince od 9 hodin. Prezentace se budou p\u0159en\u00e1\u0161et na Facebook sout\u011b\u017ee a na LinkedIn. Ve stejn\u00fd den od 15 hodin pak prob\u011bhne slavnostn\u00ed vyhl\u00e1\u0161en\u00ed v\u00edt\u011bz\u016f, kter\u00e9ho se online z\u00fa\u010dastn\u00ed i z\u00e1stupci organizac\u00ed, kter\u00e9 ud\u011blily sout\u011b\u017ei z\u00e1\u0161titu. Pr\u00e1v\u011b slavnostn\u00ed fin\u00e1le bude online p\u0159en\u00e1\u0161et zpravodajsk\u00fd port\u00e1l iDNES.CZ i dal\u0161\u00ed m\u00e9dia. V\u00edt\u011bz z\u00edsk\u00e1 1000 eur, kter\u00e9 na dal\u0161\u00ed rozvoj nejlep\u0161\u00edho projektu poskytne spolupo\u0159adatel sout\u011b\u017ee IT spole\u010dnost Profinit. Autor\u016fm t\u0159\u00ed nejlep\u0161\u00edch prac\u00ed v\u011bnuje po\u010d\u00edta\u010dov\u00e1 \u0161kola GOPAS odborn\u00e9 kurzy dle vlastn\u00edho v\u00fdb\u011bru v\u00a0celkov\u00e9 hodnot\u011b 30.000 K\u010d.<\/strong><\/p>\n<p><strong>\u00a0<\/strong><\/p>\n<p>Informatika prostupuje do v\u0161ech rovin na\u0161eho \u017eivota, proto o siln\u00e1 t\u00e9mata nemaj\u00ed nouzi ani diplomov\u00e9 pr\u00e1ce z\u00a0t\u00e9to progresivn\u00ed oblasti, kter\u00e9 p\u0159ihl\u00e1sili jejich auto\u0159i do sout\u011b\u017ee IT SPY. Fin\u00e1lov\u00e9 pr\u00e1ce leto\u0161n\u00edho ro\u010dn\u00edku se zab\u00fdvaj\u00ed nap\u0159\u00edklad v\u00fdvojem algoritmu pro hodnocen\u00ed fotografi\u00ed vesm\u00edrn\u00e9ho odpadu, kvalitn\u011bj\u0161\u00edm sn\u00edmkov\u00e1n\u00edm s\u00edtnice oka s\u00a0c\u00edlem diagnostiky zelen\u00e9ho z\u00e1kalu a obranou po\u010d\u00edta\u010dov\u00fdch syst\u00e9m\u016f proti kybernetick\u00fdm \u00fatok\u016fm s\u00a0vyu\u017eit\u00edm strojov\u00e9ho u\u010den\u00ed. Z\u00e1jem o \u00fa\u010dast je ka\u017edoro\u010dn\u011b velk\u00fd, i v leto\u0161n\u00edm roce se p\u0159ihl\u00e1silo v\u00edce ne\u017e 1200 diplomov\u00fdch prac\u00ed obh\u00e1jen\u00fdch v\u00a0uplynul\u00e9m akademick\u00e9m roce na\u00a013 \u010desk\u00fdch a slovensk\u00fdch vysok\u00fdch \u0161kol\u00e1ch. \u201e<em>Z pr\u016fb\u011b\u017en\u00e9ho hodnocen\u00ed semifinalist\u016f a postupuj\u00edc\u00edch finalist\u016f se r\u00fdsuje velmi t\u011bsn\u00fd souboj o nejlep\u0161\u00ed pr\u00e1ci. Mysl\u00edm, \u017ee porota bude m\u00edt opravdu t\u011b\u017ek\u00e9 rozhodov\u00e1n\u00ed a jsem velmi zv\u011bdav\u00fd na v\u00fdsledek,\u201c <\/em>hodnot\u00ed dosavadn\u00ed pr\u016fb\u011bh sout\u011b\u017ee p\u0159edseda poroty, Ji\u0159\u00ed Vok\u0159\u00ednek z\u00a0Fakulty elektrotechnick\u00e9 \u010cVUT Praha. S\u00a0t\u00e9maty v\u0161ech 8 fin\u00e1lov\u00fdch prac\u00ed a s\u00a0jejich autory se m\u016f\u017ee \u0161irok\u00e1 ve\u0159ejnost bl\u00ed\u017ee sezn\u00e1mit b\u011bhem online prezentac\u00ed p\u0159ed porotou v\u00a0r\u00e1mci fin\u00e1le ve st\u0159edu 8. prosince 2021 od 9 hodin. Prezentace se budou streamovat na <a href=\"https:\/\/www.facebook.com\/soutezitspy\" rel=\"nofollow noopener\" target=\"_blank\">Facebook<\/a> a <a href=\"https:\/\/www.linkedin.com\/company\/profinit\/\" rel=\"nofollow noopener\" target=\"_blank\">Linkedin<\/a>. Od 15 hodin se pak mohou z\u00e1jemci o to nejlep\u0161\u00ed od mlad\u00fdch informatik\u016f t\u011b\u0161it na fin\u00e1lov\u00e9 vyhl\u00e1\u0161en\u00ed v\u00edt\u011bz\u016f, kter\u00e9 bude p\u0159en\u00e1\u0161et iDNES.CZ a dal\u0161\u00ed zpravodajsk\u00e9 port\u00e1ly.<\/p>\n<p>&nbsp;<\/p>\n<p><em>\u201ePo lo\u0148sk\u00e9m online fin\u00e1le sout\u011b\u017ee jsme se t\u011b\u0161ili, \u017ee leto\u0161n\u00ed vyhl\u00e1\u0161en\u00ed v\u00fdsledk\u016f v\u010detn\u011b prezentac\u00ed fin\u00e1lov\u00fdch prac\u00ed p\u0159ed porotou prob\u011bhnou prezen\u010dn\u00ed formou. Porotci i finalist\u00e9 jsou z univerzit z cel\u00e9 \u010cesk\u00e9 a Slovensk\u00e9 republiky a vzhledem k sou\u010dasn\u00e9 epidemiologick\u00e9 situaci by bohu\u017eel byla jejich osobn\u00ed p\u0159\u00edtomnost na fin\u00e1le i letos velmi nejist\u00e1,\u201c <\/em>vysv\u011btluje Jakub \u0160ich, z\u00e1stupce spoluorganiz\u00e1tora sout\u011b\u017ee, p\u0159edn\u00ed IT spole\u010dnosti Profinit. \u201e<em>Letos bychom r\u00e1di posunuli fin\u00e1le sout\u011b\u017ee IT SPY zase o kousek d\u00e1l a zp\u0159\u00edstupnili ji \u0161ir\u0161\u00edmu spektru div\u00e1k\u016f. Fin\u00e1lov\u00e9 diplomov\u00e9 pr\u00e1ce si pozornost ur\u010dit\u011b zaslou\u017e\u00ed, proto jsme r\u00e1di, \u017ee cel\u00fd fin\u00e1lov\u00fd den se bude streamovat na soci\u00e1ln\u00edch s\u00edt\u00edch a slavnostn\u00ed vyhla\u0161ov\u00e1n\u00ed v\u00edt\u011bz\u016f sout\u011b\u017ee budou p\u0159en\u00e1\u0161et zpravodajsk\u00e9 weby jako iDNES.CZ, Tyden.cz a Ceskenoviny.cz. P\u0159\u00edprav\u011b online fin\u00e1le se v\u011bnuje 12\u010dlenn\u00fd t\u00fdm zhruba m\u011bs\u00edc a \u00fa\u010dast zde potvrdili v\u00fdznamn\u00ed host\u00e9 jako ministr pr\u016fmyslu \u010cR, z\u00e1stupci Hospod\u00e1\u0159sk\u00e9 komory \u010cR, Asociace pro v\u00fdpo\u010detn\u00ed techniku &#8211; Czech ACM Chapter a slovensk\u00e9ho institutu KInIT,\u201c \u00a0<\/em>dopl\u0148uje \u0160ich.<\/p>\n<p>&nbsp;<\/p>\n<p><strong>Program fin\u00e1le 12. ro\u010dn\u00edku sout\u011b\u017ee IT SPY, st\u0159eda 8. prosince 2021<\/strong><\/p>\n<ul>\n<li>9:00\u201312:05 Prezentace osmi fin\u00e1lov\u00fdch prac\u00ed, online p\u0159enos bude prob\u00edhat na Facebooku v\u00a0ud\u00e1losti: <strong><a href=\"https:\/\/fb.me\/e\/4LQFr7KbH\" rel=\"nofollow noopener\" target=\"_blank\">IT SPY 2021 | Den, kdy se rod\u00ed nov\u00e9 hv\u011bzdy IT sc\u00e9ny<\/a><\/strong><\/li>\n<p><\/br><\/p>\n<li>15:00\u201316:00 <strong>Slavnostn\u00ed vyhl\u00e1\u0161en\u00ed v\u00edt\u011bz\u016f sout\u011b\u017ee IT SPY 2021<\/strong> m\u016f\u017eete sledovat online na zpravodajsk\u00e9m port\u00e1lu <a href=\"https:\/\/www.ceskenoviny.cz\/zpravy\/2125102?h=a48f2ecb497cf39c356452fff1427b28\" rel=\"nofollow noopener\" target=\"_blank\">\u010cesk\u00e9 noviny<\/a><\/li>\n<\/ul>\n<p><\/br><br \/>\n<strong>Rozhovor s\u00a0p\u0159edsedou poroty sout\u011b\u017ee IT SPY, doc. Ing. Ji\u0159\u00edm Vok\u0159\u00ednkem, Ph.D. (\u010cesk\u00e9 vysok\u00e9 u\u010den\u00ed technick\u00e9, Fakulta elektrotechnick\u00e1)<\/strong><\/p>\n<p><strong>\u00a0<\/strong><\/p>\n<p><em>Jak hodnot\u00edte leto\u0161n\u00ed nominace na nejlep\u0161\u00ed diplomov\u00e9 pr\u00e1ce? <\/em><\/p>\n<p>Leto\u0161n\u00ed ro\u010dn\u00edk se vyzna\u010duje m\u00e9n\u011b nominacemi ne\u017e ro\u010dn\u00edk p\u0159ede\u0161l\u00fd, co\u017e ale rozhodn\u011b nen\u00ed zn\u00e1t na kvalit\u011b nejlep\u0161\u00edch prac\u00ed. Z v\u00fdsledk\u016f hodnocen\u00ed semifinalist\u016f se r\u00fdsuje velmi t\u011bsn\u00fd souboj o v\u00edt\u011bzstv\u00ed. Mysl\u00edm, \u017ee porota bude m\u00edt opravdu t\u011b\u017ek\u00e9 rozhodov\u00e1n\u00ed a jsem velmi zv\u011bdav\u00fd na v\u00fdsledek. Na nominac\u00edch se letos projevily i komplikace s dokon\u010dov\u00e1n\u00edm vlastn\u00edch prac\u00ed v pln\u00e9 kvalit\u011b b\u011bhem pandemie, zejm\u00e9na pokud pr\u00e1ce vy\u017eaduje nap\u0159\u00edklad testov\u00e1n\u00ed v laborato\u0159\u00edch, poln\u00edch podm\u00ednk\u00e1ch, nebo i studie s u\u017eivateli.<\/p>\n<p>&nbsp;<\/p>\n<p><em>Sledujete n\u011bjak\u00fd posun ve zpracov\u00e1van\u00fdch t\u00e9matech? <\/em><\/p>\n<p>Nezaznamenal jsem \u017e\u00e1dn\u00fd z\u00e1sadn\u00ed posun t\u00e9mat. P\u0159edpokl\u00e1d\u00e1m, \u017ee se pr\u00e1ce souvisej\u00edc\u00ed s pandemi\u00ed sp\u00ed\u0161e objev\u00ed v n\u00e1sleduj\u00edc\u00edch ro\u010dn\u00edc\u00edch. Na \u0161pi\u010dkov\u00e9 pr\u00e1ci studenti pracuj\u00ed i d\u00e9le ne\u017e rok, tak\u017ee od definice zad\u00e1n\u00ed pr\u00e1ce a\u017e k fin\u00e1le sout\u011b\u017ee IT SPY ub\u011bhne rok i v\u00edce.<\/p>\n<p>&nbsp;<\/p>\n<p><em>Zm\u011bnila se n\u011bjak b\u011bhem tohoto covidov\u00e9ho ro\u010dn\u00edku struktura p\u0159ihl\u00e1\u0161en\u00fdch prac\u00ed? Sledujete je\u0161t\u011b n\u011bjak\u00e9 dal\u0161\u00ed zm\u011bny oproti p\u0159edchoz\u00edm necovidov\u00fdm ro\u010dn\u00edk\u016fm?<\/em><\/p>\n<p>Covidov\u00fd ro\u010dn\u00edk m\u00e1 zat\u00edm vliv zejm\u00e9na na po\u010det fin\u00e1lov\u00fdch prac\u00ed, co\u017e se ale neprojevilo na kvalit\u011b t\u011bch nejlep\u0161\u00edch. V t\u00e9matech prac\u00ed se to zat\u00edm neprojevuje a dal\u0161\u00ed zm\u011bny jsem zat\u00edm nepozoroval.<\/p>\n<p>&nbsp;<\/p>\n<p><em>Jak pro V\u00e1s osobn\u011b bylo obt\u00ed\u017en\u00e9 vybrat z pades\u00e1tky nominovan\u00fdch prac\u00ed fin\u00e1lov\u00fdch osm prac\u00ed?<\/em><\/p>\n<p>Pro m\u011b osobn\u011b to nebylo p\u0159\u00edli\u0161 t\u011b\u017ek\u00e9. V\u00fdb\u011br se op\u00edr\u00e1 o nominace ambasador\u016f a peer-review porotc\u016f. Ka\u017ed\u00e1 pr\u00e1ce je hodnocena t\u0159emi hodnotiteli, tak\u017ee v\u00fdsledn\u00fd v\u00fdb\u011br nen\u00ed p\u0159\u00edli\u0161 obt\u00ed\u017en\u00fd. N\u00e1ro\u010dnou pr\u00e1ci maj\u00ed samoz\u0159ejm\u011b ambasado\u0159i p\u0159i nominac\u00edch, co\u017e je velmi obt\u00ed\u017en\u00e1 role, a pak n\u00e1sledn\u011b porotci p\u0159i fin\u00e1lov\u00e9m hodnocen\u00ed. O\u010dek\u00e1v\u00e1m, \u017ee i letos nebude v\u00fdb\u011br t\u00e9 v\u016fbec nejlep\u0161\u00ed pr\u00e1ce jednoduch\u00e1 z\u00e1le\u017eitost.<\/p>\n<p><!DOCTYPE html><br \/>\n<html><br \/>\n<head><\/p>\n<style>\ntable, th, td {\n  border: 1px solid black;\n}\n<\/style>\n<p><\/head><br \/>\n<body><\/p>\n<table>\n<tr>\n<th>Jm\u00e9no finalisty<\/th>\n<th>N\u00e1zev sout\u011b\u017en\u00ed diplomov\u00e9 pr\u00e1ce<\/th>\n<th>N\u00e1zev p\u0159ihla\u0161uj\u00edc\u00ed vysok\u00e9 \u0161koly<\/th>\n<\/tr>\n<tr>\n<td><strong>Luk\u00e1\u0161 Kuhajda<\/strong><\/td>\n<td>Omezen\u00ed \u0161umu sign\u00e1lu v genetick\u00fdch p\u0159ep\u00edna\u010d\u00edch<\/td>\n<td>Z\u00e1pado\u010desk\u00e1 univerzita v Plzni, Fakulta aplikovan\u00fdch v\u011bd\n<\/td>\n<\/tr>\n<tr>\n<td><strong>Mgr. Filip Svoboda<\/strong><\/td>\n<td>Agiln\u00ed adaptace pro v\u00fdzkumnou laborato\u0159<\/td>\n<td>Masarykova univerzita v Brn\u011b, Fakulta informatiky\n<\/td>\n<\/tr>\n<tr>\n<td><strong>Daniel Kyselica<\/strong><\/td>\n<td>Pokro\u010dil\u00e9 algoritmy pro segmentaci astronomick\u00fdch sn\u00edmk\u016f kosmick\u00e9ho odpadu<\/td>\n<td>Univerzita Komensk\u00e9ho v Bratislave, Fakulta matematiky, fyziky a informatiky<\/td>\n<\/tr>\n<tr>\n<td><strong>Ing. Jan Tom\u00e1nek<\/strong><\/td>\n<td>Profilov\u00e1n\u00ed haldy s n\u00edzkou latenc\u00ed<\/td>\n<td>\u010cesk\u00e9 vysok\u00e9 u\u010den\u00ed technick\u00e9 v Praze, Fakulta informa\u010dn\u00edch technologi\u00ed<\/td>\n<\/tr>\n<tr>\n<td><strong>S\u00e1ra Jurankov\u00e1<\/strong><\/td>\n<td>Aspektov\u011b zalo\u017een\u00e1 anal\u00fdza sentimentu formul\u00e1\u0159\u016f konferen\u010dn\u00edch recenz\u00ed<\/td>\n<td>Vysok\u00e1 \u0161kola ekonomick\u00e1 v Praze, Fakulta informatiky a statistiky<\/td>\n<\/tr>\n<tr>\n<td><strong>Patrik Goldschmidt<\/strong><\/td>\n<td>Zm\u00edrn\u011bn\u00ed \u00fatok\u016f DoS pomoc\u00ed strojov\u00e9ho u\u010den\u00ed<\/td>\n<td>Vysok\u00e9 u\u010den\u00ed technick\u00e9 v Brn\u011b, Fakulta informa\u010dn\u00edch technologi\u00ed<\/td>\n<\/tr>\n<tr>\n<td><strong>Mgr. Mat\u00fa\u0161 Golia\u0161<\/strong><\/td>\n<td>Gradientem zes\u00edlen\u00e1 segmentace sn\u00edmk\u016f s\u00edtnicov\u00e9ho fundu<\/td>\n<td>Univerzita Karlova, Matematicko-fyzik\u00e1ln\u00ed fakulta<\/td>\n<\/tr>\n<tr>\n<td><strong>Jind\u0159i\u0161ka Deckerov\u00e1<\/strong><\/td>\n<td>Zobecn\u011bn\u00e9 probl\u00e9my se sm\u011brov\u00e1n\u00edm se souvisl\u00fdmi sousedstv\u00edmi<\/td>\n<td>\u010cesk\u00e9 vysok\u00e9 u\u010den\u00ed technick\u00e9 v Praze, Fakulta elektrotechnick\u00e1<\/td>\n<\/tr>\n<\/table>\n<p><\/body><br \/>\n<\/html><\/p>\n","protected":false},"excerpt":{"rendered":"<p>St\u0159eda 8. prosince bude pat\u0159it nejlep\u0161\u00edm mlad\u00fdm IT mozk\u016fm z \u010cesk\u00e9 republiky i ze Slovenska, kte\u0159\u00ed se ve fin\u00e1le utkaj\u00ed o nejvy\u0161\u0161\u00ed p\u0159\u00ed\u010dky v presti\u017en\u00ed sout\u011b\u017ei IT SPY 2021. <\/p>\n","protected":false},"author":1,"featured_media":2164,"comment_status":"open","ping_status":"open","sticky":false,"template":"","format":"standard","meta":{"_acf_changed":false,"footnotes":"","_links_to":"","_links_to_target":""},"categories":[83],"tags":[],"class_list":["post-2489","post","type-post","status-publish","format-standard","has-post-thumbnail","hentry","category-2021-blog"],"acf":[],"_links":{"self":[{"href":"https:\/\/www.itspy.cz\/sk\/wp-json\/wp\/v2\/posts\/2489","targetHints":{"allow":["GET"]}}],"collection":[{"href":"https:\/\/www.itspy.cz\/sk\/wp-json\/wp\/v2\/posts"}],"about":[{"href":"https:\/\/www.itspy.cz\/sk\/wp-json\/wp\/v2\/types\/post"}],"author":[{"embeddable":true,"href":"https:\/\/www.itspy.cz\/sk\/wp-json\/wp\/v2\/users\/1"}],"replies":[{"embeddable":true,"href":"https:\/\/www.itspy.cz\/sk\/wp-json\/wp\/v2\/comments?post=2489"}],"version-history":[{"count":0,"href":"https:\/\/www.itspy.cz\/sk\/wp-json\/wp\/v2\/posts\/2489\/revisions"}],"wp:featuredmedia":[{"embeddable":true,"href":"https:\/\/www.itspy.cz\/sk\/wp-json\/wp\/v2\/media\/2164"}],"wp:attachment":[{"href":"https:\/\/www.itspy.cz\/sk\/wp-json\/wp\/v2\/media?parent=2489"}],"wp:term":[{"taxonomy":"category","embeddable":true,"href":"https:\/\/www.itspy.cz\/sk\/wp-json\/wp\/v2\/categories?post=2489"},{"taxonomy":"post_tag","embeddable":true,"href":"https:\/\/www.itspy.cz\/sk\/wp-json\/wp\/v2\/tags?post=2489"}],"curies":[{"name":"wp","href":"https:\/\/api.w.org\/{rel}","templated":true}]}}